{"id":2875,"date":"2023-06-13T10:18:51","date_gmt":"2023-06-13T10:18:51","guid":{"rendered":"https:\/\/inyelegance.com\/?p=2875"},"modified":"2025-02-27T09:21:14","modified_gmt":"2025-02-27T09:21:14","slug":"fucja-orlenu-z-lotosem-warunki-komisji","status":"publish","type":"post","link":"https:\/\/inyelegance.com\/en\/fucja-orlenu-z-lotosem-warunki-komisji\/","title":{"rendered":"Fucja Orlenu z Lotosem warunki Komisji Europejskiej"},"content":{"rendered":"<p>\u0141\u0105cznego zapotrzebowania ca\u0142ej Grupy Orlen \u2013 ju\u017c po przej\u0119ciu Lotosu \u2013 zar\u00f3wno w Polsce, jak i na Litwie i w Czechach. Komisja Europejska zgodzi\u0142a si\u0119 na przej\u0119cie <a href=\"https:\/\/www.forexformula.net\/f1-szwajcarski-luksusowy-zegarmistrz-richard-mille-partnerami-z-ferrari-live-trading-news\/\">F1: Szwajcarski luksusowy zegarmistrz Richard Mille partnerami z Ferrari<\/a> Lotosu przez Orlen m.in. Pod warunkiem, \u017ce do niezale\u017cnego podmiotu trafi 30 proc. Nowy w\u0142a\u015bciciel ma mie\u0107 prawo do blisko po\u0142owy produkcji rafinerii w zakresie g\u0142\u00f3wnych produkt\u00f3w tj.<\/p>\n<p>\u015aledztwo prokuratury ma dotyczy\u0107 um\u00f3w zwi\u0105zanych zar\u00f3wno z po\u0142\u0105czeniem sp\u00f3\u0142ek Lotos i Orlen, jak r\u00f3wnie\u017c dotyczy\u0142o sprzeda\u017cy Lotosu. Ostatecznie w&nbsp;wyniku po\u0142\u0105czenia Lotosu z&nbsp;Orlenem dosz\u0142o tak\u017ce do sprzeda\u017cy rafinerii. Transakcja z&nbsp;Orlenem, b\u0119d\u0105ca jednym z&nbsp;warunk\u00f3w przej\u0119cia Lotosu przez p\u0142ocki koncern, wzbudzi\u0142a sporo kontrowersji.<\/p>\n<p>Akcjonariusze PKN ORLEN zdecydowan\u0105 wi\u0119kszo\u015bci\u0105 98,3% g\u0142os\u00f3w wyrazili zgod\u0119 na po\u0142\u0105czenie z Grup\u0105 LOTOS. Dzie\u0144 wcze\u015bniej korzystn\u0105 decyzj\u0119 w tej sprawie podj\u0119\u0142o prawie 99% Akcjonariuszy Grupy LOTOS. To zamyka proces pozyskiwania zg\u00f3d korporacyjnych i otwiera drog\u0119 do ostatniego kroku do finalizacji fuzji, czyli rejestracji po\u0142\u0105czenia w Krajowym Rejestrze S\u0105dowym. Finalizacja procesu uwolni synergie, kt\u00f3re prze\u0142o\u017c\u0105 si\u0119 na konkretne i wymierne korzy\u015bci dla obu sp\u00f3\u0142ek, ich Akcjonariuszy, klient\u00f3w i pracownik\u00f3w.<\/p>\n<p>Nie ponosi odpowiedzialno\u015bci za informacje publikowane na Forum, szczeg\u00f3lnie fa\u0142szywe lub nierzetelne, kt\u00f3re mog\u0105 wprowadza\u0107 w b\u0142\u0105d w zakresie decyzji inwestycyjnych w my\u015bl artyku\u0142\u00f3w 12 i 15 Rozporz\u0105dzenia MAR (market abuse regulation). Z\u0142amanie zakazu manipulacji jest zagro\u017cone odpowiedzialno\u015bci\u0105 karn\u0105.Zamieszczanie na Forum propozycji konkretnych decyzji inwestycyjnych w odniesieniu do instrumentu finansowego mo\u017ce stanowi\u0107 rekomendacj\u0119 w rozumieniu przepis\u00f3w Rozporz\u0105dzenia MAR. Sporz\u0105dzanie i rozpowszechnianie rekomendacji bez zachowania wymog\u00f3w prawnych podlega odpowiedzialno\u015bci administracyjnej.Przypominamy, \u017ce Forum stanowi platform\u0119 wymiany opinii. Ka\u017cda informacja wp\u0142ywaj\u0105ca na decyzje inwestycyjne pozyskana przez Forum, powinna by\u0107 w interesie inwestora, zweryfikowana w innym \u017ar\u00f3dle. Zaakceptowana w\u0142a\u015bnie umowa o&nbsp;wsp\u00f3\u0142pracy zosta\u0142a przekazana do akceptacji Ministerstwa Aktyw\u00f3w Pa\u0144stwowych ju\u017c 5&nbsp;maja.<\/p>\n<p>Decyzja ma umo\u017cliwi\u0107 dalsze prace nad fuzj\u0105 z Orlenem, a przede wszystkim na z\u0142o\u017cenie do Komisji Europejskiej wniosku o zatwierdzenie tak zwanych \u015brodk\u00f3w zaradczych. W styczniu 2025 roku sprzeda\u017c Tesli w Unii Europejskiej zaliczy\u0142a spadek o po\u0142ow\u0119 w por\u00f3wnaniu do danych z tego samego okresu w zesz\u0142ym roku &#8211; wynika z raportu Europejskiego Stowarzyszenia Producent\u00f3w Samochod\u00f3w ACEA. Jednocze\u015bnie udzia\u0142 samochod\u00f3w elektrycznych w rynku osi\u0105gn\u0105\u0142 rekordowy poziom 15 procent. Francuski dziennik &#8220;Le Monde&#8221; pisze w \u015brod\u0119, jakoby polski premier Donald Tusk bra\u0142 pod uwag\u0119 zakup udzia\u0142\u00f3w francuskiego koncernu lotniczo-zbrojeniowego Airbus. &#8220;Premier ch\u0119tnie patrzy &#8211; wed\u0142ug naszych informacji &#8211; na kupno udzia\u0142\u00f3w tego europejskiego koncernu&#8221; &#8211; czytamy.<\/p>\n<p>Pierwszy paragraf m\u00f3wi o wyrz\u0105dzeniu znacznej szkody maj\u0105tkowej i w przypadku znacznych rozmiar\u00f3w podlega karze pozbawienia wolno\u015bci od roku do lat 10. Z kolei drugi paragraf m\u00f3wi o nadu\u017cyciu uprawnie\u0144 przez funkcjonariusza publicznego (art. 231 KK) i zagro\u017cony jest kar\u0105 pozbawienia wolno\u015bci do lat 3. W Lotosie pa\u0144stwo mia\u0142o przed fuzj\u0105 53,19 proc. I w rezultacie wymiany akcji po po\u0142\u0105czeniu obu podmiot\u00f3w dysponuje 35,66 proc.<\/p>\n<p>Portal Europejska Prawda publikuje 11 punkt\u00f3w umowy. W \u015brod\u0119 wieczorem prezydent Ukrainy Wo\u0142odymyr Ze\u0142enski w wyst\u0105pieniu wideo o\u015bwiadczy\u0142, \u017ce oczekuje gwarancji bezpiecze\u0144stwa dla swojego pa\u0144stwa przed podpisaniem ze Stanami Zjednoczonymi umowy o partnerstwie w wydobyciu ukrai\u0144skich z\u0142\u00f3\u017c naturalnych. Potwierdzi\u0142 tak\u017ce swoj\u0105 wizyt\u0119 w Waszyngtonie w najbli\u017cszy <a href=\"https:\/\/www.forexbrokerslist.site\/bill-williams-znani-handlowcy\/\">Bill Williams<\/a> pi\u0105tek. Kontrowersje budzi\u0142a umowa Orlenu z Saudi Aramco, kt\u00f3r\u0105 zawarto pod koniec listopada. Dziennikarze programu &#8220;Czarno na bia\u0142ym&#8221; w TVN24 dotarli do projektu umowy ze \u015bwiatowym gigantem paliwowym. Mia\u0142o z niego wynika\u0107, \u017ce po fuzji Orlenu i Lotosu Polska mo\u017ce utraci\u0107 kontrol\u0119 nad Rafineri\u0105.<\/p>\n<p>Byli akcjonariusze mniejszo\u015bciowi Lotosu, kt\u00f3rzy dostali w zamian za swoje akcje walory Orlenu, zaskar\u017cyli ju\u017c zreszt\u0105 fuzj\u0119. Spraw\u0119, kt\u00f3ra nie ma dot\u0105d precedensu w polskim prawie, prowadzi Kancelaria K&amp;S. Z pozwem wyst\u0105piono ju\u017c po wpisie po\u0142\u0105czenia do KRS. \u2013 W takiej sprawie w\u0142a\u015bciwe s\u0105 s\u0105dy powszechne.<\/p>\n<p>Co najmniej 46 os\u00f3b, w tym wielu oficer\u00f3w i cywil\u00f3w, zgin\u0119\u0142o w wyniku katastrofy samolotu wojskowego, kt\u00f3ry rozbi\u0142 si\u0119 na obrze\u017cach stolicy Sudanu, Chartumie &#8211; poinformowa\u0142a armia. Przyczyn\u0105 wypadku maszyny by\u0142a awaria techniczna. Warszawscy prokuratorzy dostali na s\u0142u\u017cbowe skrzynki pocztowe wiadomo\u015b\u0107 zach\u0119caj\u0105c\u0105 do przekazania 1,5 procent podatku na rzecz Helsi\u0144skiej Fundacji Praw Cz\u0142owieka. Jej nadawc\u0105 by\u0142a Prokuratura Okr\u0119gowa w Warszawie. &#8211; Nie widzimy jakiegokolwiek naruszenia zasad apolityczno\u015bci prokuratury w przekazaniu tej, jak i innych pr\u00f3\u015bb &#8211; twierdzi rzecznik jednostki prokurator Piotr Antoni Skiba. Premier Donald Tusk na wniosek ministra spraw wewn\u0119trznych i administracji odwo\u0142a\u0142 ze stanowiska Komendanta G\u0142\u00f3wnego PSP nadbrygadiera Mariusza Feltynowskiego &#8211; przekaza\u0142 rzecznik MSWiA Jacek Dobrzy\u0144ski.<\/p>\n<p>W wydanym biuletynie nie ma ju\u017c s\u0142owa &#8220;krytyczny&#8221; w odniesieniu do stanu klinicznego papie\u017ca. Jak zaznaczono, tomografia komputerowa wykaza\u0142a normaln\u0105 ewolucj\u0119 stanu zapalnego p\u0142uc. Bior\u0105c pod uwag\u0119, \u017ce wi\u0119kszo\u015bciowym akcjonariuszem Lotosu by\u0142 Skarb Pa\u0144stwa, to mo\u017cna za\u0142o\u017cy\u0107, \u017ce przynajmniej po\u0142owa tej straty &#8211; czyli ponad 4 mld z\u0142 &#8211; to strata Skarbu Pa\u0144stwa. Prezes Orlenu Daniel Obajtek przekonuje, \u017ce nie by\u0142o ch\u0119tnych na te aktywa, st\u0105d takie kwoty. Fr\u0105tczak dotar\u0142 jednak do informacji, \u017ce by\u0142 inny zainteresowany, ale &#8211; wed\u0142ug \u017ar\u00f3d\u0142a &#8211; Orlen nie wys\u0142ucha\u0142 nawet jego oferty. Zainteresowan\u0105 firm\u0105 by\u0142a ameryka\u0144ska Global Oil Management Group.<\/p>\n<p>Zak\u0142adaj\u0105c nast\u0119pnie po\u0142\u0105czenie z PGNiG, udzia\u0142 ten zwi\u0119kszy si\u0119 istotnie. Budowa koncernu multienergetycznego, jak informowa\u0142 wcze\u015bniej PKN Orlen, zak\u0142ada r\u00f3wnie\u017c przej\u0119cie PGNiG. 16 marca tego roku prezes Urz\u0119du Ochrony Konkurencji i&nbsp;Konsument\u00f3w (UOKiK) wyda\u0142 natomiast warunkow\u0105 zgod\u0119 na po\u0142\u0105czenie PKN Orlen i&nbsp;PGNiG. Transakcja mo\u017ce doj\u015b\u0107 do skutku pod warunkiem sprzeda\u017cy sp\u00f3\u0142ki Gas Storage Poland, kt\u00f3ra zarz\u0105dza magazynami gazu nale\u017c\u0105cymi obecnie do PGNiG. 16 marca tego roku prezes Urz\u0119du Ochrony Konkurencji i Konsument\u00f3w (UOKiK) wyda\u0142 natomiast warunkow\u0105 zgod\u0119 na po\u0142\u0105czenie PKN Orlen i PGNiG. Po\u0142\u0105czenie PKN ORLEN i Grupy LOTOS <a href=\"https:\/\/www.forexpulse.info\/vector-securities-broker-przeglad-i-informacje-vector-papiery-wartosciowe\/\">Vector Securities Broker-przegl\u0105d i informacje Vector papiery warto\u015bciowe<\/a> oraz docelowo PGNiG jest nierozerwalnie zwi\u0105zane z bezpiecze\u0144stwem energetycznym Polski i ca\u0142ego regionu Europy \u015arodkowej, w tym m.in.<\/p>\n<p>Mo\u017cna powiedzie\u0107, \u017ce teraz si\u0142a rz\u0105du w akcjonariacie wzros\u0142a i wrogie przej\u0119cie jest jeszcze trudniejsze. Nawet mimo tego, \u017ce rz\u0105d cz\u0119\u015b\u0107 akcji ju\u017c odsprzeda\u0142 na rzecz pa\u0144stwowych PKO BP i PZU, zmniejszaj\u0105c w ostatnich dniach sw\u00f3j pakiet do 31,1 proc. Teoretycznie by\u0142a mo\u017cliwo\u015b\u0107 zebrania si\u0119 trzech akcjonariuszy po 10 proc.<\/p>\n<p>Warunkiem niezb\u0119dnym do finalizacji transakcji jest zgoda akcjonariuszy sp\u00f3\u0142ek &#8211;&nbsp;Grupy Lotos i&nbsp;PKN Orlen, dotycz\u0105ca warunk\u00f3w po\u0142\u0105czenia. Akcjonariusze Orlenu rozpatrz\u0105 uchwa\u0142\u0119 o&nbsp;po\u0142\u0105czeniu z&nbsp;Lotosem i&nbsp;podwy\u017cszeniu kapita\u0142u zak\u0142adowego w&nbsp;czwartek 21 lipca. Warunkiem niezb\u0119dnym do finalizacji transakcji jest zgoda akcjonariuszy sp\u00f3\u0142ek &#8211; Grupy Lotos i PKN Orlen, dotycz\u0105ca warunk\u00f3w po\u0142\u0105czenia. Akcjonariusze Orlenu rozpatrz\u0105 uchwa\u0142\u0119 o po\u0142\u0105czeniu z Lotosem i podwy\u017cszeniu kapita\u0142u zak\u0142adowego w czwartek 21 lipca. Najwi\u0119ksze kontrowersje budzi\u0142o jednak nie pochodzenie udzia\u0142owca spoza Unii Europejskiej a zapisy umowy. Wed\u0142ug TVN24 Saudyjczycy uzyskali prawo weta blokuj\u0105cego wi\u0119kszo\u015bciowego udzia\u0142owca, mimo, \u017ce sami dysponuj\u0105 oko\u0142o 30 procentami udzia\u0142\u00f3w.<\/p>","protected":false},"excerpt":{"rendered":"<p>\u0141\u0105cznego zapotrzebowania ca\u0142ej Grupy Orlen \u2013 ju\u017c po przej\u0119ciu Lotosu \u2013 zar\u00f3wno w Polsce, jak i na Litwie i w Czechach. Komisja Europejska zgodzi\u0142a si\u0119 na przej\u0119cie F1: Szwajcarski luksusowy zegarmistrz Richard Mille partnerami z Ferrari Lotosu przez Orlen m.in. Pod warunkiem, \u017ce do niezale\u017cnego podmiotu trafi 30 proc. Nowy w\u0142a\u015bciciel ma mie\u0107 prawo do<\/p>","protected":false},"author":1,"featured_media":0,"comment_status":"open","ping_status":"open","sticky":false,"template":"","format":"standard","meta":{"_jetpack_memberships_contains_paid_content":false,"footnotes":""},"categories":[59],"tags":[],"class_list":["post-2875","post","type-post","status-publish","format-standard","hentry","category-forex-trading-2"],"yoast_head":"<!-- This site is optimized with the Yoast SEO plugin v27.5 - https:\/\/yoast.com\/product\/yoast-seo-wordpress\/ -->\n<title>Fucja Orlenu z Lotosem warunki Komisji Europejskiej - Iny Elegance<\/title>\n<meta name=\"description\" content=\"\u0141\u0105cznego zapotrzebowania ca\u0142ej Grupy Orlen \u2013 ju\u017c po przej\u0119ciu Lotosu \u2013 zar\u00f3wno w Polsce, jak i na Litwie i w Czechach. Komisja Europejska zgodzi\u0142a si\u0119 na\" \/>\n<meta name=\"robots\" content=\"index, follow, max-snippet:-1, max-image-preview:large, max-video-preview:-1\" \/>\n<link rel=\"canonical\" href=\"https:\/\/inyelegance.com\/en\/fucja-orlenu-z-lotosem-warunki-komisji\/\" \/>\n<meta property=\"og:locale\" content=\"en_US\" \/>\n<meta property=\"og:type\" content=\"article\" \/>\n<meta property=\"og:title\" content=\"Fucja Orlenu z Lotosem warunki Komisji Europejskiej - Iny Elegance\" \/>\n<meta property=\"og:description\" content=\"\u0141\u0105cznego zapotrzebowania ca\u0142ej Grupy Orlen \u2013 ju\u017c po przej\u0119ciu Lotosu \u2013 zar\u00f3wno w Polsce, jak i na Litwie i w Czechach. Komisja Europejska zgodzi\u0142a si\u0119 na\" \/>\n<meta property=\"og:url\" content=\"https:\/\/inyelegance.com\/en\/fucja-orlenu-z-lotosem-warunki-komisji\/\" \/>\n<meta property=\"og:site_name\" content=\"Iny Elegance\" \/>\n<meta property=\"article:published_time\" content=\"2023-06-13T10:18:51+00:00\" \/>\n<meta property=\"article:modified_time\" content=\"2025-02-27T09:21:14+00:00\" \/>\n<meta property=\"og:image\" content=\"https:\/\/inyelegance.com\/wp-content\/uploads\/2024\/11\/Logo-GP-pour-SEO.jpg\" \/>\n\t<meta property=\"og:image:width\" content=\"1200\" \/>\n\t<meta property=\"og:image:height\" content=\"675\" \/>\n\t<meta property=\"og:image:type\" content=\"image\/jpeg\" \/>\n<meta name=\"author\" content=\"Ricardo\" \/>\n<meta name=\"twitter:card\" content=\"summary_large_image\" \/>\n<meta name=\"twitter:label1\" content=\"Written by\" \/>\n\t<meta name=\"twitter:data1\" content=\"Ricardo\" \/>\n\t<meta name=\"twitter:label2\" content=\"Est. reading time\" \/>\n\t<meta name=\"twitter:data2\" content=\"6 minutes\" \/>\n<script type=\"application\/ld+json\" class=\"yoast-schema-graph\">{\"@context\":\"https:\\\/\\\/schema.org\",\"@graph\":[{\"@type\":\"Article\",\"@id\":\"https:\\\/\\\/inyelegance.com\\\/fucja-orlenu-z-lotosem-warunki-komisji\\\/#article\",\"isPartOf\":{\"@id\":\"https:\\\/\\\/inyelegance.com\\\/fucja-orlenu-z-lotosem-warunki-komisji\\\/\"},\"author\":{\"name\":\"Ricardo\",\"@id\":\"https:\\\/\\\/inyelegance.com\\\/#\\\/schema\\\/person\\\/ba5accead787ef5b184fe63a7351ee05\"},\"headline\":\"Fucja Orlenu z Lotosem warunki Komisji Europejskiej\",\"datePublished\":\"2023-06-13T10:18:51+00:00\",\"dateModified\":\"2025-02-27T09:21:14+00:00\",\"mainEntityOfPage\":{\"@id\":\"https:\\\/\\\/inyelegance.com\\\/fucja-orlenu-z-lotosem-warunki-komisji\\\/\"},\"wordCount\":1301,\"commentCount\":0,\"publisher\":{\"@id\":\"https:\\\/\\\/inyelegance.com\\\/#organization\"},\"articleSection\":[\"Forex Trading\"],\"inLanguage\":\"en-US\",\"potentialAction\":[{\"@type\":\"CommentAction\",\"name\":\"Comment\",\"target\":[\"https:\\\/\\\/inyelegance.com\\\/fucja-orlenu-z-lotosem-warunki-komisji\\\/#respond\"]}]},{\"@type\":\"WebPage\",\"@id\":\"https:\\\/\\\/inyelegance.com\\\/fucja-orlenu-z-lotosem-warunki-komisji\\\/\",\"url\":\"https:\\\/\\\/inyelegance.com\\\/fucja-orlenu-z-lotosem-warunki-komisji\\\/\",\"name\":\"Fucja Orlenu z Lotosem warunki Komisji Europejskiej - Iny Elegance\",\"isPartOf\":{\"@id\":\"https:\\\/\\\/inyelegance.com\\\/#website\"},\"datePublished\":\"2023-06-13T10:18:51+00:00\",\"dateModified\":\"2025-02-27T09:21:14+00:00\",\"description\":\"\u0141\u0105cznego zapotrzebowania ca\u0142ej Grupy Orlen \u2013 ju\u017c po przej\u0119ciu Lotosu \u2013 zar\u00f3wno w Polsce, jak i na Litwie i w Czechach. Komisja Europejska zgodzi\u0142a si\u0119 na\",\"breadcrumb\":{\"@id\":\"https:\\\/\\\/inyelegance.com\\\/fucja-orlenu-z-lotosem-warunki-komisji\\\/#breadcrumb\"},\"inLanguage\":\"en-US\",\"potentialAction\":[{\"@type\":\"ReadAction\",\"target\":[\"https:\\\/\\\/inyelegance.com\\\/fucja-orlenu-z-lotosem-warunki-komisji\\\/\"]}]},{\"@type\":\"BreadcrumbList\",\"@id\":\"https:\\\/\\\/inyelegance.com\\\/fucja-orlenu-z-lotosem-warunki-komisji\\\/#breadcrumb\",\"itemListElement\":[{\"@type\":\"ListItem\",\"position\":1,\"name\":\"Home\",\"item\":\"https:\\\/\\\/inyelegance.com\\\/\"},{\"@type\":\"ListItem\",\"position\":2,\"name\":\"Fucja Orlenu z Lotosem warunki Komisji Europejskiej\"}]},{\"@type\":\"WebSite\",\"@id\":\"https:\\\/\\\/inyelegance.com\\\/#website\",\"url\":\"https:\\\/\\\/inyelegance.com\\\/\",\"name\":\"Inyelegance.com\",\"description\":\"Centrale de r\u00e9servation Taxi et VTC\",\"publisher\":{\"@id\":\"https:\\\/\\\/inyelegance.com\\\/#organization\"},\"potentialAction\":[{\"@type\":\"SearchAction\",\"target\":{\"@type\":\"EntryPoint\",\"urlTemplate\":\"https:\\\/\\\/inyelegance.com\\\/?s={search_term_string}\"},\"query-input\":{\"@type\":\"PropertyValueSpecification\",\"valueRequired\":true,\"valueName\":\"search_term_string\"}}],\"inLanguage\":\"en-US\"},{\"@type\":\"Organization\",\"@id\":\"https:\\\/\\\/inyelegance.com\\\/#organization\",\"name\":\"Iny Elegance\",\"url\":\"https:\\\/\\\/inyelegance.com\\\/\",\"logo\":{\"@type\":\"ImageObject\",\"inLanguage\":\"en-US\",\"@id\":\"https:\\\/\\\/inyelegance.com\\\/#\\\/schema\\\/logo\\\/image\\\/\",\"url\":\"https:\\\/\\\/inyelegance.com\\\/wp-content\\\/uploads\\\/2024\\\/11\\\/Logo-pour-SEO.jpg\",\"contentUrl\":\"https:\\\/\\\/inyelegance.com\\\/wp-content\\\/uploads\\\/2024\\\/11\\\/Logo-pour-SEO.jpg\",\"width\":696,\"height\":696,\"caption\":\"Iny Elegance\"},\"image\":{\"@id\":\"https:\\\/\\\/inyelegance.com\\\/#\\\/schema\\\/logo\\\/image\\\/\"},\"sameAs\":[\"https:\\\/\\\/www.instagram.com\\\/inyelegance\\\/\"]},{\"@type\":\"Person\",\"@id\":\"https:\\\/\\\/inyelegance.com\\\/#\\\/schema\\\/person\\\/ba5accead787ef5b184fe63a7351ee05\",\"name\":\"Ricardo\",\"image\":{\"@type\":\"ImageObject\",\"inLanguage\":\"en-US\",\"@id\":\"https:\\\/\\\/secure.gravatar.com\\\/avatar\\\/0840199b0d08b65be741c8bb8f2e2e83f9a423793b1509c91fe0b8f23583eb09?s=96&d=mm&r=g\",\"url\":\"https:\\\/\\\/secure.gravatar.com\\\/avatar\\\/0840199b0d08b65be741c8bb8f2e2e83f9a423793b1509c91fe0b8f23583eb09?s=96&d=mm&r=g\",\"contentUrl\":\"https:\\\/\\\/secure.gravatar.com\\\/avatar\\\/0840199b0d08b65be741c8bb8f2e2e83f9a423793b1509c91fe0b8f23583eb09?s=96&d=mm&r=g\",\"caption\":\"Ricardo\"},\"sameAs\":[\"https:\\\/\\\/inyelegance.com\"]}]}<\/script>\n<!-- \/ Yoast SEO plugin. -->","yoast_head_json":{"title":"Fucja Orlenu z Lotosem warunki Komisji Europejskiej - Iny Elegance","description":"\u0141\u0105cznego zapotrzebowania ca\u0142ej Grupy Orlen \u2013 ju\u017c po przej\u0119ciu Lotosu \u2013 zar\u00f3wno w Polsce, jak i na Litwie i w Czechach. Komisja Europejska zgodzi\u0142a si\u0119 na","robots":{"index":"index","follow":"follow","max-snippet":"max-snippet:-1","max-image-preview":"max-image-preview:large","max-video-preview":"max-video-preview:-1"},"canonical":"https:\/\/inyelegance.com\/en\/fucja-orlenu-z-lotosem-warunki-komisji\/","og_locale":"en_US","og_type":"article","og_title":"Fucja Orlenu z Lotosem warunki Komisji Europejskiej - Iny Elegance","og_description":"\u0141\u0105cznego zapotrzebowania ca\u0142ej Grupy Orlen \u2013 ju\u017c po przej\u0119ciu Lotosu \u2013 zar\u00f3wno w Polsce, jak i na Litwie i w Czechach. Komisja Europejska zgodzi\u0142a si\u0119 na","og_url":"https:\/\/inyelegance.com\/en\/fucja-orlenu-z-lotosem-warunki-komisji\/","og_site_name":"Iny Elegance","article_published_time":"2023-06-13T10:18:51+00:00","article_modified_time":"2025-02-27T09:21:14+00:00","og_image":[{"width":1200,"height":675,"url":"https:\/\/inyelegance.com\/wp-content\/uploads\/2024\/11\/Logo-GP-pour-SEO.jpg","type":"image\/jpeg"}],"author":"Ricardo","twitter_card":"summary_large_image","twitter_misc":{"Written by":"Ricardo","Est. reading time":"6 minutes"},"schema":{"@context":"https:\/\/schema.org","@graph":[{"@type":"Article","@id":"https:\/\/inyelegance.com\/fucja-orlenu-z-lotosem-warunki-komisji\/#article","isPartOf":{"@id":"https:\/\/inyelegance.com\/fucja-orlenu-z-lotosem-warunki-komisji\/"},"author":{"name":"Ricardo","@id":"https:\/\/inyelegance.com\/#\/schema\/person\/ba5accead787ef5b184fe63a7351ee05"},"headline":"Fucja Orlenu z Lotosem warunki Komisji Europejskiej","datePublished":"2023-06-13T10:18:51+00:00","dateModified":"2025-02-27T09:21:14+00:00","mainEntityOfPage":{"@id":"https:\/\/inyelegance.com\/fucja-orlenu-z-lotosem-warunki-komisji\/"},"wordCount":1301,"commentCount":0,"publisher":{"@id":"https:\/\/inyelegance.com\/#organization"},"articleSection":["Forex Trading"],"inLanguage":"en-US","potentialAction":[{"@type":"CommentAction","name":"Comment","target":["https:\/\/inyelegance.com\/fucja-orlenu-z-lotosem-warunki-komisji\/#respond"]}]},{"@type":"WebPage","@id":"https:\/\/inyelegance.com\/fucja-orlenu-z-lotosem-warunki-komisji\/","url":"https:\/\/inyelegance.com\/fucja-orlenu-z-lotosem-warunki-komisji\/","name":"Fucja Orlenu z Lotosem warunki Komisji Europejskiej - Iny Elegance","isPartOf":{"@id":"https:\/\/inyelegance.com\/#website"},"datePublished":"2023-06-13T10:18:51+00:00","dateModified":"2025-02-27T09:21:14+00:00","description":"\u0141\u0105cznego zapotrzebowania ca\u0142ej Grupy Orlen \u2013 ju\u017c po przej\u0119ciu Lotosu \u2013 zar\u00f3wno w Polsce, jak i na Litwie i w Czechach. Komisja Europejska zgodzi\u0142a si\u0119 na","breadcrumb":{"@id":"https:\/\/inyelegance.com\/fucja-orlenu-z-lotosem-warunki-komisji\/#breadcrumb"},"inLanguage":"en-US","potentialAction":[{"@type":"ReadAction","target":["https:\/\/inyelegance.com\/fucja-orlenu-z-lotosem-warunki-komisji\/"]}]},{"@type":"BreadcrumbList","@id":"https:\/\/inyelegance.com\/fucja-orlenu-z-lotosem-warunki-komisji\/#breadcrumb","itemListElement":[{"@type":"ListItem","position":1,"name":"Home","item":"https:\/\/inyelegance.com\/"},{"@type":"ListItem","position":2,"name":"Fucja Orlenu z Lotosem warunki Komisji Europejskiej"}]},{"@type":"WebSite","@id":"https:\/\/inyelegance.com\/#website","url":"https:\/\/inyelegance.com\/","name":"Inyelegance.com","description":"Centrale de r\u00e9servation Taxi et VTC","publisher":{"@id":"https:\/\/inyelegance.com\/#organization"},"potentialAction":[{"@type":"SearchAction","target":{"@type":"EntryPoint","urlTemplate":"https:\/\/inyelegance.com\/?s={search_term_string}"},"query-input":{"@type":"PropertyValueSpecification","valueRequired":true,"valueName":"search_term_string"}}],"inLanguage":"en-US"},{"@type":"Organization","@id":"https:\/\/inyelegance.com\/#organization","name":"Iny Elegance","url":"https:\/\/inyelegance.com\/","logo":{"@type":"ImageObject","inLanguage":"en-US","@id":"https:\/\/inyelegance.com\/#\/schema\/logo\/image\/","url":"https:\/\/inyelegance.com\/wp-content\/uploads\/2024\/11\/Logo-pour-SEO.jpg","contentUrl":"https:\/\/inyelegance.com\/wp-content\/uploads\/2024\/11\/Logo-pour-SEO.jpg","width":696,"height":696,"caption":"Iny Elegance"},"image":{"@id":"https:\/\/inyelegance.com\/#\/schema\/logo\/image\/"},"sameAs":["https:\/\/www.instagram.com\/inyelegance\/"]},{"@type":"Person","@id":"https:\/\/inyelegance.com\/#\/schema\/person\/ba5accead787ef5b184fe63a7351ee05","name":"Ricardo","image":{"@type":"ImageObject","inLanguage":"en-US","@id":"https:\/\/secure.gravatar.com\/avatar\/0840199b0d08b65be741c8bb8f2e2e83f9a423793b1509c91fe0b8f23583eb09?s=96&d=mm&r=g","url":"https:\/\/secure.gravatar.com\/avatar\/0840199b0d08b65be741c8bb8f2e2e83f9a423793b1509c91fe0b8f23583eb09?s=96&d=mm&r=g","contentUrl":"https:\/\/secure.gravatar.com\/avatar\/0840199b0d08b65be741c8bb8f2e2e83f9a423793b1509c91fe0b8f23583eb09?s=96&d=mm&r=g","caption":"Ricardo"},"sameAs":["https:\/\/inyelegance.com"]}]}},"jetpack_featured_media_url":"","jetpack_sharing_enabled":true,"_links":{"self":[{"href":"https:\/\/inyelegance.com\/en\/wp-json\/wp\/v2\/posts\/2875","targetHints":{"allow":["GET"]}}],"collection":[{"href":"https:\/\/inyelegance.com\/en\/wp-json\/wp\/v2\/posts"}],"about":[{"href":"https:\/\/inyelegance.com\/en\/wp-json\/wp\/v2\/types\/post"}],"author":[{"embeddable":true,"href":"https:\/\/inyelegance.com\/en\/wp-json\/wp\/v2\/users\/1"}],"replies":[{"embeddable":true,"href":"https:\/\/inyelegance.com\/en\/wp-json\/wp\/v2\/comments?post=2875"}],"version-history":[{"count":1,"href":"https:\/\/inyelegance.com\/en\/wp-json\/wp\/v2\/posts\/2875\/revisions"}],"predecessor-version":[{"id":2876,"href":"https:\/\/inyelegance.com\/en\/wp-json\/wp\/v2\/posts\/2875\/revisions\/2876"}],"wp:attachment":[{"href":"https:\/\/inyelegance.com\/en\/wp-json\/wp\/v2\/media?parent=2875"}],"wp:term":[{"taxonomy":"category","embeddable":true,"href":"https:\/\/inyelegance.com\/en\/wp-json\/wp\/v2\/categories?post=2875"},{"taxonomy":"post_tag","embeddable":true,"href":"https:\/\/inyelegance.com\/en\/wp-json\/wp\/v2\/tags?post=2875"}],"curies":[{"name":"wp","href":"https:\/\/api.w.org\/{rel}","templated":true}]}}